{"id":572,"date":"2012-10-01T16:37:37","date_gmt":"2012-10-01T15:37:37","guid":{"rendered":"http:\/\/www.gerard-guy.fr\/wp\/?p=572"},"modified":"2012-10-01T16:58:49","modified_gmt":"2012-10-01T15:58:49","slug":"journees-portes-ouvertes","status":"publish","type":"post","link":"https:\/\/www.gerard-guy.fr\/wp\/?p=572","title":{"rendered":"Journ\u00e9es portes ouvertes !"},"content":{"rendered":"<p><img loading=\"lazy\" decoding=\"async\" class=\"alignleft\" src=\"http:\/\/b.vimeocdn.com\/us\/552\/55258_2074.jpg\" alt=\"Rendez-vous \u00e0 l'atelier AIN\" width=\"269\" height=\"219\" \/><strong>Les samedi 13 et dimanche 14 octobre, venez visiter mon atelier<\/strong><br \/>\n<strong> lors de l&rsquo;\u00e9v\u00e9nement <a href=\"http:\/\/www.rendezvousalatelier-mapra.fr\/\" target=\"_blank\">\u00ab\u00a0Rendez-vous \u00e0 l&rsquo;atelier\u00a0\u00bb<\/a> organis\u00e9 par la Maison des Arts Plastiques Rhone-Alpes (MAPRA).<\/strong><\/p>\n<p>Vous trouverez un petit avant go\u00fbt <a href=\"http:\/\/ain.rendezvousalatelier-mapra.fr\/video\/50053678\" target=\"_blank\">ici\u00a0<\/a>avec une vid\u00e9o.<\/p>\n<p>Mon adresse : 273 Chemin Chambard, 01310 Polliat.<br \/>\nEt sur <a href=\"http:\/\/goo.gl\/maps\/0HkQh\" target=\"_blank\">Google map<\/a>\u00a0pour les plus branch\u00e9s d&rsquo;entre vous \ud83d\ude09<\/p>\n<p><a href=\"http:\/\/www.rhonealpes.fr\/840-rendez-vous-a-l-atelier-les-artistes-plasticiens-vous-ouvrent-leurs-portes.htm\" target=\"_blank\">Page de l&rsquo;\u00e9v\u00e9nement<\/a> sur le site r\u00e9gional.<br \/>\n<a href=\"http:\/\/www.rendezvousalatelier-mapra.fr\/\" target=\"_blank\">Site d\u00e9di\u00e9 \u00e0 l&rsquo;\u00e9v\u00e9nement<\/a> dans toute la r\u00e9gion.<\/p>\n<p>&nbsp;<\/p>\n<p><a href=\"http:\/\/www.gerard-guy.fr\/wp\/wp-content\/uploads\/2012\/03\/DSC_5512.JPG\"><img loading=\"lazy\" decoding=\"async\" class=\"aligncenter size-large wp-image-364\" title=\"DSC_5512.JPG\" src=\"http:\/\/www.gerard-guy.fr\/wp\/wp-content\/uploads\/2012\/03\/DSC_5512-1024x680.jpg\" alt=\"\" width=\"520\" height=\"345\" srcset=\"https:\/\/www.gerard-guy.fr\/wp\/wp-content\/uploads\/2012\/03\/DSC_5512-1024x680.jpg 1024w, https:\/\/www.gerard-guy.fr\/wp\/wp-content\/uploads\/2012\/03\/DSC_5512-300x199.jpg 300w, https:\/\/www.gerard-guy.fr\/wp\/wp-content\/uploads\/2012\/03\/DSC_5512-120x80.jpg 120w\" sizes=\"(max-width: 520px) 100vw, 520px\" \/><\/a><\/p>\n","protected":false},"excerpt":{"rendered":"<p>Les samedi 13 et dimanche 14 octobre, venez visiter mon atelier lors de l&rsquo;\u00e9v\u00e9nement \u00ab\u00a0Rendez-vous \u00e0 l&rsquo;atelier\u00a0\u00bb organis\u00e9 par la Maison des Arts Plastiques Rhone-Alpes (MAPRA). Vous trouverez un petit avant go\u00fbt ici\u00a0avec une vid\u00e9o. Mon adresse : 273 Chemin Chambard, 01310 Polliat. Et sur Google map\u00a0pour les plus branch\u00e9s \u2026 <a class=\"continue-reading-link\" href=\"https:\/\/www.gerard-guy.fr\/wp\/?p=572\"> Continue reading <span class=\"meta-nav\">&rarr; <\/span><\/a><\/p>\n","protected":false},"author":1,"featured_media":0,"comment_status":"closed","ping_status":"closed","sticky":false,"template":"","format":"standard","meta":{"footnotes":""},"categories":[5],"tags":[],"_links":{"self":[{"href":"https:\/\/www.gerard-guy.fr\/wp\/index.php?rest_route=\/wp\/v2\/posts\/572"}],"collection":[{"href":"https:\/\/www.gerard-guy.fr\/wp\/index.php?rest_route=\/wp\/v2\/posts"}],"about":[{"href":"https:\/\/www.gerard-guy.fr\/wp\/index.php?rest_route=\/wp\/v2\/types\/post"}],"author":[{"embeddable":true,"href":"https:\/\/www.gerard-guy.fr\/wp\/index.php?rest_route=\/wp\/v2\/users\/1"}],"replies":[{"embeddable":true,"href":"https:\/\/www.gerard-guy.fr\/wp\/index.php?rest_route=%2Fwp%2Fv2%2Fcomments&post=572"}],"version-history":[{"count":20,"href":"https:\/\/www.gerard-guy.fr\/wp\/index.php?rest_route=\/wp\/v2\/posts\/572\/revisions"}],"predecessor-version":[{"id":580,"href":"https:\/\/www.gerard-guy.fr\/wp\/index.php?rest_route=\/wp\/v2\/posts\/572\/revisions\/580"}],"wp:attachment":[{"href":"https:\/\/www.gerard-guy.fr\/wp\/index.php?rest_route=%2Fwp%2Fv2%2Fmedia&parent=572"}],"wp:term":[{"taxonomy":"category","embeddable":true,"href":"https:\/\/www.gerard-guy.fr\/wp\/index.php?rest_route=%2Fwp%2Fv2%2Fcategories&post=572"},{"taxonomy":"post_tag","embeddable":true,"href":"https:\/\/www.gerard-guy.fr\/wp\/index.php?rest_route=%2Fwp%2Fv2%2Ftags&post=572"}],"curies":[{"name":"wp","href":"https:\/\/api.w.org\/{rel}","templated":true}]}}